{"id":6574,"date":"2026-07-16T14:50:58","date_gmt":"2026-07-16T17:50:58","guid":{"rendered":"https:\/\/mitsubishielectric.com.br\/descontinuacao-dos-clps-fx3u-e-fx3uc-o-que-fazer\/"},"modified":"2026-07-16T14:50:58","modified_gmt":"2026-07-16T17:50:58","slug":"descontinuacao-dos-clps-fx3u-e-fx3uc-o-que-fazer","status":"publish","type":"post","link":"https:\/\/mitsubishielectric.com.br\/es\/descontinuacao-dos-clps-fx3u-e-fx3uc-o-que-fazer\/","title":{"rendered":"Descontinua\u00e7\u00e3o dos CLPs FX3U e FX3UC: O que fazer?"},"content":{"rendered":"\n<figure class=\"wp-block-image size-full is-resized\"><img fetchpriority=\"high\" decoding=\"async\" width=\"565\" height=\"262\" src=\"https:\/\/mitsubishielectric.com.br\/wp-content\/uploads\/2026\/07\/WhatsApp-Image-2026-07-16-at-14.45.25.jpeg\" alt=\"\" class=\"wp-image-5524\" style=\"width:757px;height:auto\" title=\"\" srcset=\"https:\/\/mitsubishielectric.com.br\/wp-content\/uploads\/2026\/07\/WhatsApp-Image-2026-07-16-at-14.45.25.jpeg 565w, https:\/\/mitsubishielectric.com.br\/wp-content\/uploads\/2026\/07\/WhatsApp-Image-2026-07-16-at-14.45.25-300x139.jpeg 300w\" sizes=\"(max-width: 565px) 100vw, 565px\" \/><\/figure>\n\n\n\n<p class=\"wp-block-paragraph\"><br>Se voc\u00ea utiliza os microcontroladores program\u00e1veis das s\u00e9ries <strong>MELSEC-F FX3U e FX3UC<\/strong> em suas m\u00e1quinas ou linhas de produ\u00e7\u00e3o, este conte\u00fado \u00e9 de extrema import\u00e2ncia para o seu planejamento de manuten\u00e7\u00e3o e engenharia.<\/p>\n\n\n\n<p class=\"wp-block-paragraph\">A Mitsubishi Electric do Brasil anuncia oficialmente a descontinua\u00e7\u00e3o programada desta fam\u00edlia de CLPs, seus blocos de extens\u00e3o e manuais t\u00e9cnicos.<\/p>\n\n\n\n<p class=\"wp-block-paragraph\">Embora esse ciclo de vida de hardware demande aten\u00e7\u00e3o, este movimento representa uma excelente oportunidade para modernizar seus ativos, aumentar a produtividade da f\u00e1brica e blindar sua opera\u00e7\u00e3o contra obsolesc\u00eancias futuras.<\/p>\n\n\n\n<p class=\"wp-block-paragraph\">Apresentamos abaixo os prazos cruciais e o caminho ideal para planejar sua migra\u00e7\u00e3o com seguran\u00e7a.<\/p>\n\n\n\n<p class=\"wp-block-paragraph\"><strong>Por que a s\u00e9rie FX3U\/FX3UC est\u00e1 saindo de linha?<\/strong><\/p>\n\n\n\n<p class=\"wp-block-paragraph\">O motivo principal \u00e9 a descontinua\u00e7\u00e3o sucessiva dos componentes eletr\u00f4nicos essenciais que comp\u00f5em o hardware interno desses CLPs no mercado mundial. Com a escassez global dessas pe\u00e7as, torna-se invi\u00e1vel manter a nossa linha de produ\u00e7\u00e3o dentro dos rigorosos padr\u00f5es de confiabilidade e fornecimento exigidos pela nossa marca.<\/p>\n\n\n\n<p class=\"wp-block-paragraph\"><strong>Fique atento \u00e0s datas limite<\/strong><\/p>\n\n\n\n<p class=\"wp-block-paragraph\">A transi\u00e7\u00e3o ocorrer\u00e1 de forma gradual, garantindo tempo para planejamento e investimento estrat\u00e9gico:<\/p>\n\n\n\n<ul class=\"wp-block-list\">\n<li><strong>1 de janeiro de 2028:<\/strong> In\u00edcio da produ\u00e7\u00e3o exclusiva sob encomenda.<\/li>\n\n\n\n<li><strong>29 de fevereiro de 2028:<\/strong> Limite para a aceita\u00e7\u00e3o de novos pedidos.<\/li>\n\n\n\n<li><strong>30 de setembro de 2028:<\/strong> Descontinua\u00e7\u00e3o definitiva da produ\u00e7\u00e3o.<\/li>\n\n\n\n<li><strong>At\u00e9 30 de setembro de 2035:<\/strong> Per\u00edodo de suporte para reparo (por 7 anos ap\u00f3s o encerramento, sujeito \u00e0 disponibilidade residual de pe\u00e7as em nossos estoques).<\/li>\n<\/ul>\n\n\n\n<p class=\"wp-block-paragraph\"><em>Nota:<\/em> Para o m\u00f3dulo especial <strong>FX3U-128ASL-M<\/strong>, o suporte para reparo se encerrar\u00e1 em <strong>um ano<\/strong> ap\u00f3s a descontinua\u00e7\u00e3o da produ\u00e7\u00e3o (30 de setembro de 2029).<\/p>\n\n\n\n<p class=\"wp-block-paragraph\"><strong>O que fazer agora? O plano de a\u00e7\u00e3o em 3 passos<\/strong><\/p>\n\n\n\n<p class=\"wp-block-paragraph\">Nossa engenharia de aplica\u00e7\u00e3o preparou uma estrat\u00e9gia simples para garantir que sua f\u00e1brica passe por essa transi\u00e7\u00e3o de forma transparente:<\/p>\n\n\n\n<p class=\"wp-block-paragraph\"><strong>1. Mapeie seu parque instalado<\/strong><\/p>\n\n\n\n<p class=\"wp-block-paragraph\">Fa\u00e7a um levantamento de todas as CPUs FX3U\/FX3UC e seus blocos de extens\u00e3o especiais em opera\u00e7\u00e3o na sua planta industrial.<\/p>\n\n\n\n<p class=\"wp-block-paragraph\"><strong>2. Adote a linha recomendada: MELSEC iQ-F (S\u00e9rie FX5)<\/strong><\/p>\n\n\n\n<p class=\"wp-block-paragraph\">A alternativa oficial e direta de atualiza\u00e7\u00e3o tecnol\u00f3gica \u00e9 a nossa fam\u00edlia de microcontroladores de \u00faltima gera\u00e7\u00e3o, a <strong>s\u00e9rie MELSEC iQ-F (modelos FX5U, FX5UJ e FX5UC)<\/strong>.<\/p>\n\n\n\n<p class=\"wp-block-paragraph\">Algumas das equival\u00eancias diretas incluem:<\/p>\n\n\n\n<ul class=\"wp-block-list\">\n<li><strong>FX3U-16MR\/ES<\/strong> <img decoding=\"async\" width=\"13\" height=\"22\" src=\"blob:https:\/\/mitsubishielectric.com.br\/6fe00e09-3ab3-4943-afc3-2af92c727ab1\" alt=\"\" title=\"\">\u00a0Migrar para <strong>FX5U-32MR\/ES<\/strong> ou <strong>FX5UJ-24MR\/ES<\/strong>.<\/li>\n\n\n\n<li><strong>FX3UC-16MT\/D<\/strong> <img decoding=\"async\" width=\"13\" height=\"22\" src=\"blob:https:\/\/mitsubishielectric.com.br\/a50fc43f-0c9b-4701-ac51-b9c0f3a44cb3\" alt=\"\" title=\"\">\u00a0Migrar para <strong>FX5UC-32MT\/D<\/strong>.<\/li>\n\n\n\n<li><strong>FX3U-4AD<\/strong> (anal\u00f3gico) <img loading=\"lazy\" decoding=\"async\" width=\"13\" height=\"22\" src=\"blob:https:\/\/mitsubishielectric.com.br\/39f5e329-a69a-4204-b692-71f99555abcc\" alt=\"\" title=\"\">\u00a0Migrar para <strong>FX5-4AD<\/strong>.<\/li>\n<\/ul>\n\n\n\n<p class=\"wp-block-paragraph\"><strong>3. Planeje a convers\u00e3o de software e fia\u00e7\u00e3o<\/strong><\/p>\n\n\n\n<p class=\"wp-block-paragraph\">A plataforma iQ-F conta com ferramentas inteligentes para convers\u00e3o de programas. Contudo, devido a diferen\u00e7as f\u00edsicas e instru\u00e7\u00f5es l\u00f3gicas espec\u00edficas, ajustes na fia\u00e7\u00e3o e no c\u00f3digo podem ser necess\u00e1rios.<\/p>\n\n\n\n<p class=\"wp-block-paragraph\">Para auxiliar seus programadores, disponibilizamos o guia completo <strong>\u00abTransition from MELSEC FX3 Series to MELSEC iQ-F Series Handbook\u00bb<\/strong>, detalhando cada etapa t\u00e9cnica da convers\u00e3o.<\/p>\n\n\n\n<p class=\"wp-block-paragraph\"><strong>O ganho estrat\u00e9gico da migra\u00e7\u00e3o<\/strong><\/p>\n\n\n\n<p class=\"wp-block-paragraph\">Atualizar sua plataforma de controle vai muito al\u00e9m de evitar paradas por falta de sobressalentes. Ao migrar para a s\u00e9rie iQ-F (FX5), voc\u00ea ganha:<\/p>\n\n\n\n<ul class=\"wp-block-list\">\n<li><strong>Mais performance:<\/strong> Processamento incrivelmente mais veloz para otimizar os tempos de ciclo das m\u00e1quinas.<\/li>\n\n\n\n<li><strong>Foco em IIoT:<\/strong> Portas Ethernet integradas de f\u00e1brica para coleta cont\u00ednua de dados em tempo real, facilitando o c\u00e1lculo de OEE e a digitaliza\u00e7\u00e3o da f\u00e1brica.<\/li>\n\n\n\n<li><strong>Seguran\u00e7a robusta:<\/strong> Prote\u00e7\u00e3o avan\u00e7ada contra c\u00f3pias n\u00e3o autorizadas e controle r\u00edgido de acesso ao programa do CLP.<\/li>\n<\/ul>\n\n\n\n<p class=\"wp-block-paragraph\"><strong>Conte com o nosso suporte<\/strong><\/p>\n\n\n\n<p class=\"wp-block-paragraph\">O planejamento preventivo \u00e9 o segredo de uma migra\u00e7\u00e3o bem-sucedida. A equipe t\u00e9cnica da <strong>Mitsubishi Electric do Brasil<\/strong> est\u00e1 totalmente \u00e0 disposi\u00e7\u00e3o para ajudar a desenhar a melhor rota de transi\u00e7\u00e3o para o seu neg\u00f3cio.<\/p>\n\n\n\n<p class=\"wp-block-paragraph\"><strong>Precisa de suporte para migrar o seu sistema?<\/strong> <\/p>\n\n\n\n<p class=\"has-text-align-center has-white-color has-vivid-red-background-color has-text-color has-background has-link-color wp-elements-1 wp-block-paragraph\" style=\"font-size:21px\"><strong><a href=\"https:\/\/fa.mitsubishielectric.com.br\/wp-content\/uploads\/2026\/07\/BT-26-002-Descontinuacao-MELSEC-F.pdf\" data-type=\"link\" data-id=\"https:\/\/fa.mitsubishielectric.com.br\/wp-content\/uploads\/2026\/07\/BT-26-002-Descontinuacao-MELSEC-F.pdf\">Acesse o Boletim T\u00e9cnico e entenda os detalhes!<\/a><\/strong><\/p>\n\n\n\n<p class=\"wp-block-paragraph\"><\/p>\n","protected":false},"excerpt":{"rendered":"<p>Se voc\u00ea utiliza os microcontroladores program\u00e1veis das s\u00e9ries MELSEC-F FX3U e FX3UC em suas m\u00e1quinas ou linhas de produ\u00e7\u00e3o, este conte\u00fado \u00e9 de extrema import\u00e2ncia para o seu planejamento de manuten\u00e7\u00e3o e engenharia. A Mitsubishi Electric do Brasil anuncia oficialmente a descontinua\u00e7\u00e3o programada desta fam\u00edlia de CLPs, seus blocos de extens\u00e3o e manuais t\u00e9cnicos. Embora [&hellip;]<\/p>\n","protected":false},"author":11,"featured_media":6575,"comment_status":"closed","ping_status":"closed","sticky":false,"template":"","format":"standard","meta":{"_acf_changed":false,"footnotes":""},"categories":[40],"tags":[],"class_list":["post-6574","post","type-post","status-publish","format-standard","has-post-thumbnail","hentry","category-blog"],"acf":[],"_links":{"self":[{"href":"https:\/\/mitsubishielectric.com.br\/es\/wp-json\/wp\/v2\/posts\/6574","targetHints":{"allow":["GET"]}}],"collection":[{"href":"https:\/\/mitsubishielectric.com.br\/es\/wp-json\/wp\/v2\/posts"}],"about":[{"href":"https:\/\/mitsubishielectric.com.br\/es\/wp-json\/wp\/v2\/types\/post"}],"author":[{"embeddable":true,"href":"https:\/\/mitsubishielectric.com.br\/es\/wp-json\/wp\/v2\/users\/11"}],"replies":[{"embeddable":true,"href":"https:\/\/mitsubishielectric.com.br\/es\/wp-json\/wp\/v2\/comments?post=6574"}],"version-history":[{"count":0,"href":"https:\/\/mitsubishielectric.com.br\/es\/wp-json\/wp\/v2\/posts\/6574\/revisions"}],"wp:featuredmedia":[{"embeddable":true,"href":"https:\/\/mitsubishielectric.com.br\/es\/wp-json\/wp\/v2\/media\/6575"}],"wp:attachment":[{"href":"https:\/\/mitsubishielectric.com.br\/es\/wp-json\/wp\/v2\/media?parent=6574"}],"wp:term":[{"taxonomy":"category","embeddable":true,"href":"https:\/\/mitsubishielectric.com.br\/es\/wp-json\/wp\/v2\/categories?post=6574"},{"taxonomy":"post_tag","embeddable":true,"href":"https:\/\/mitsubishielectric.com.br\/es\/wp-json\/wp\/v2\/tags?post=6574"}],"curies":[{"name":"wp","href":"https:\/\/api.w.org\/{rel}","templated":true}]}}